{"id":221,"date":"2021-07-06T17:26:57","date_gmt":"2021-07-06T17:26:57","guid":{"rendered":"https:\/\/educacion.ufm.edu\/bicentenario\/?p=221"},"modified":"2021-08-16T18:49:20","modified_gmt":"2021-08-16T18:49:20","slug":"centroamerica-declara-su-independencia-1-de-julio-de-1823","status":"publish","type":"post","link":"https:\/\/educacion.ufm.edu\/bicentenario\/centroamerica-declara-su-independencia-1-de-julio-de-1823\/","title":{"rendered":"Centroam\u00e9rica declara su independencia, 1 de julio de 1823"},"content":{"rendered":"\n<p><strong>La declaraci\u00f3n de Independencia de Guatemala se realiz\u00f3 de una manera intempestiva el 15 de septiembre de 1821<\/strong>. La Junta Provisional pens\u00f3 que un Congreso a ser instalado antes del 1 de marzo de 1822 ratificar\u00eda esta declaraci\u00f3n y decidiera la forma y destino de la nueva organizaci\u00f3n pol\u00edtica del territorio. Sin embargo, el 5 de enero de 1822, esta misma Junta declar\u00f3 precipitadamente que Guatemala se un\u00eda al Imperio Mexicano. Si dicho Imperio no hubiese colapsado en marzo de 1823, acaso Centro Am\u00e9rica formar\u00eda parte del sur mexicano. Pero al colapsar, Centro Am\u00e9rica qued\u00f3 en libertad de continuar o cancelar esa anexi\u00f3n. Casi de inmediato, cancel\u00f3 y durante la pr\u00f3xima d\u00e9cada se lanz\u00f3 a la aventura incierta de consolidarse.<\/p>\n\n\n\n<p><strong>El 1 de julio de 1823, las provincias de Centro Am\u00e9rica se declararon &#8220;libres e independientes de la antigua Espa\u00f1a, de M\u00e9xico y de cualquier otra potencia&#8221;<\/strong> y que intentar\u00edan formar una rep\u00fablica federal que se llamar\u00eda Provincias Unidas de Centro Am\u00e9rica. El anhelo de establecer una monarqu\u00eda cat\u00f3lica en M\u00e9xico hab\u00eda fracasado. A\u00fan se estaba gestando la idea de intentar una federaci\u00f3n m\u00e1s amplia que tuviera su centro en Panam\u00e1, pero no hab\u00eda nada firme.&nbsp;<\/p>\n\n\n\n<figure class=\"wp-block-image size-large is-style-default\"><img loading=\"lazy\" decoding=\"async\" width=\"1024\" height=\"1024\" src=\"http:\/\/educacion.ufm.edu\/bicentenario\/wp-content\/uploads\/2021\/07\/Escudo_de_las_Provincias_Unidas_del_Centro_de_Ame\u0301rica.svg_-1024x1024.png\" alt=\"\" class=\"wp-image-222\" srcset=\"https:\/\/educacion.ufm.edu\/bicentenario\/wp-content\/uploads\/2021\/07\/Escudo_de_las_Provincias_Unidas_del_Centro_de_Ame\u0301rica.svg_-1024x1024.png 1024w, https:\/\/educacion.ufm.edu\/bicentenario\/wp-content\/uploads\/2021\/07\/Escudo_de_las_Provincias_Unidas_del_Centro_de_Ame\u0301rica.svg_-300x300.png 300w, https:\/\/educacion.ufm.edu\/bicentenario\/wp-content\/uploads\/2021\/07\/Escudo_de_las_Provincias_Unidas_del_Centro_de_Ame\u0301rica.svg_-150x150.png 150w, https:\/\/educacion.ufm.edu\/bicentenario\/wp-content\/uploads\/2021\/07\/Escudo_de_las_Provincias_Unidas_del_Centro_de_Ame\u0301rica.svg_-768x768.png 768w, https:\/\/educacion.ufm.edu\/bicentenario\/wp-content\/uploads\/2021\/07\/Escudo_de_las_Provincias_Unidas_del_Centro_de_Ame\u0301rica.svg_-1536x1536.png 1536w, https:\/\/educacion.ufm.edu\/bicentenario\/wp-content\/uploads\/2021\/07\/Escudo_de_las_Provincias_Unidas_del_Centro_de_Ame\u0301rica.svg_.png 2048w\" sizes=\"auto, (max-width: 1024px) 100vw, 1024px\" \/><figcaption>Escudo de las Provincias Unidas del Centro de Am\u00e9rica<\/figcaption><\/figure>\n\n\n\n<p>As\u00ed que Guatemala (es decir, Centro de Am\u00e9rica como Reino) pas\u00f3 de formar parte de un imperio transcontinental, a un imperio americano, a quedarnos reducidos a intentar conservar la unidad territorial a trav\u00e9s de una nueva alianza pol\u00edtica. \u00bfBuscar\u00edamos una monarqu\u00eda cat\u00f3lica propia, una rep\u00fablica federal con varios estados o que cada Estado persiguiera sus propios intereses? \u00bfQu\u00e9 proced\u00eda? \u00bf<strong>Qu\u00e9 factor interno o externo nos brindar\u00eda la unidad en la diversidad<\/strong>?&nbsp;<\/p>\n\n\n\n<p>Las diferencias geogr\u00e1ficas, sociales y culturales entre, digamos, Costa Rica y Guatemala o El Salvador o Nicaragua, no son tan diferentes a las que existen entre, digamos, entre Chihuahua y Tabasco o Jalisco y Campeche. Sin embargo, M\u00e9xico, en un espacio geogr\u00e1fico mucho mayor, logr\u00f3 mantener unido su territorio por medio de una federaci\u00f3n y Centro Am\u00e9rica fracas\u00f3. Las diferencias entre los Estados, entre las clases sociales, o incluso las disputas personales en M\u00e9xico eran muy similares a las de Centro Am\u00e9rica.&nbsp;&nbsp;<\/p>\n\n\n\n<p>Pero Centroam\u00e9rica no era precisamente libre de perseguir su propia suerte. No hay que olvidar que otros poderes europeos manten\u00edan inter\u00e9s en su devenir. Con esa preocupaci\u00f3n en mente, en diciembre de 1823, el presidente James Monroe emiti\u00f3 un discurso que advert\u00eda a los otros poderes europeos que no intervinieran en los asuntos propios del continente americano. Monroe quer\u00eda evitar que estos poderes se expandieran en Am\u00e9rica. A esta declaraci\u00f3n, sintetizada en la frase &#8220;Am\u00e9rica para los americanos&#8221;, se le conoce como la doctrina Monroe.&nbsp;<\/p>\n\n\n\n<p>Durante la d\u00e9cada siguiente, cada provincia de lo que fuera el Reino de Guatemala empez\u00f3 una transici\u00f3n hacia convertirse en un Estado y los Estados buscaron asociarse entre ellos para conformar una nueva rep\u00fablica federal. La proximidad de El Salvador, Guatemala y Honduras acaso sirve para explicar su protagonismo en este intento, del cual Nicaragua y Costa Rica parecieran haber guardado distancia.&nbsp;&nbsp;&nbsp;&nbsp;<\/p>\n\n\n\n<p>\u00bfPor qu\u00e9 la tendencia en Centro Am\u00e9rica fue hacia la fragmentaci\u00f3n y no hacia la permanencia de la unidad? \u00bfQu\u00e9 nos pas\u00f3? \u00bfPor qu\u00e9 dejamos que los factores que nos diferenciaban fueran m\u00e1s importantes que los factores que nos un\u00edan? \u00bfEn alg\u00fan momento fue Centroam\u00e9rica para los Centroamericanos?<\/p>\n\n\n\n<p>A continuaci\u00f3n la que se considera el acta de declaraci\u00f3n de independencia de Centroam\u00e9rica de 1823:<\/p>\n\n\n\n<p><strong>Declaraci\u00f3n de Independencia Absoluta de Centroam\u00e9rica de 1823<\/strong><\/p>\n\n\n\n<p>(Versi\u00f3n contempor\u00e1nea)<\/p>\n\n\n\n<p>\u201cLos representantes de las Provincias Unidas del Centro de Am\u00e9rica, congregadas en virtud de la convocatoria, dada en esta ciudad de Guatemala, el 15 de septiembre de 1821 y renovada en 29 de marzo de 1823, con el importante objeto de pronunciarse sobre la independencia y libertad de los pueblos, nuestros comitentes sobre su rec\u00edproca uni\u00f3n: sobre su gobierno; y sobre todos los dem\u00e1s puntos contenidos en la memorable acta del citado d\u00eda 15 de septiembre, que adopt\u00f3 entonces la mayor\u00eda de los pueblos de este vasto territorio, y al que se han adherido posteriormente todos los dem\u00e1s, que hoy se hallan representados en esta Asamblea General.<\/p>\n\n\n\n<p>Despu\u00e9s de examinar, con todo el detenimiento y madurez que exige la delicadeza y entidad de los objetos con que somos congregados, as\u00ed la acta expresada de septiembre de 21 y la de 5 de enero de 1822, como tambi\u00e9n el decreto del Gobierno Provisorio de esta provincia, de 29 de marzo \u00faltimo, y todos los documentos concernientes al objeto mismo de nuestra reuni\u00f3n.<\/p>\n\n\n\n<p>Despu\u00e9s de traer a la vista todos los datos necesarios para conocer el estado de la poblaci\u00f3n, riqueza, recursos, situaci\u00f3n local, extensi\u00f3n y dem\u00e1s circunstancias de los pueblos que ocupan el territorio antes llamado <strong>Reino de Guatemala<\/strong>.<\/p>\n\n\n\n<p>Habiendo discutido la materia: o\u00eddo el informe de las diversas comisiones que han trabajado para acumular y presentar \u00e1 esta Asamblea todas las luces posibles acerca de los puntos indicados: teniendo presente cuando puede requerirse para el establecimiento de un nuevo Estado; y tomando en consideraci\u00f3n:<\/p>\n\n\n\n<p>PRIMERO:<\/p>\n\n\n\n<p>Que la independencia del Gobierno Espa\u00f1ol ha sido y es necesaria en las circunstancias de aquella Naci\u00f3n y las de toda la Am\u00e9rica: que era y es justa en s\u00ed misma y esencialmente conforme a los derechos sagrados de la naturaleza: que la demandaba imperiosamente las luces del siglo, las necesidades del Nuevo Mundo y todos los m\u00e1s caros intereses de los pueblos que lo habitan.<\/p>\n\n\n\n<p>Que la naturaleza misma resiste la dependencia de esta parte del globo, separada por un oc\u00e9ano inmenso de la que fue su metr\u00f3poli, y con la cual le es imposible <strong>mantener la inmediata y frecuente comunicaci\u00f3n, indispensable entre pueblos que forman un solo Estado<\/strong>.<\/p>\n\n\n\n<p>Que la experiencia de m\u00e1s de trescientos a\u00f1os manifest\u00f3 a la Am\u00e9rica que su felicidad era del todo incompatible con <strong>la nulidad a que la reduc\u00eda<\/strong> <strong>la triste condici\u00f3n de colonia <\/strong>de una peque\u00f1a parte de Europa.<\/p>\n\n\n\n<p>Que la arbitrariedad, con que fue gobernada por la Naci\u00f3n Espa\u00f1ola, y la conducta que \u00e9sta observ\u00f3 constantemente, desde la conquista, excit\u00f3 en los pueblos \u00e9l m\u00e1s ardiente deseo de <strong>recobrar sus derechos usurpados<\/strong>.<\/p>\n\n\n\n<p>Que, a impulsos de tan justos sentimientos, todas las provincias de Am\u00e9rica sacudieron el yugo que las oprimi\u00f3 por espacio de tres siglos: que las que pueblan el antiguo Reino de Guatemala proclamaron gloriosamente su independencia en los \u00faltimos meses del a\u00f1o 1821; y que la resoluci\u00f3n de conservarla y sostenerla es el voto general y uniforme de todos sus habitantes.<\/p>\n\n\n\n<p>SEGUNDO:<\/p>\n\n\n\n<p>Considerando por otra parte: que la incorporaci\u00f3n de estas Provincias al extinguido Imperio Mexicano, verificada solo de hecho en fines de 1821 y principios de 1822, fue una expresi\u00f3n violenta, arrancada por medios viciosos e ilegales.<\/p>\n\n\n\n<p>Que no fue acordada ni pronunciada por \u00f3rganos ni por medios leg\u00edtimos; que por estos principios la representaci\u00f3n nacional del Estado Mexicano jam\u00e1s la acept\u00f3 expresamente, ni pudo con derecho aceptarla; y que las providencias que acerca de esta uni\u00f3n dict\u00f3 y expidi\u00f3 Agust\u00edn de Iturbide, fueron nulas.<\/p>\n\n\n\n<p>Que la expresada agregaci\u00f3n ha sido y es contra de los intereses y de los derechos sagrados de los pueblos, nuestros comitentes: que es opuesta a su voluntad; y <strong>que un concurso de circunstancias tan poderosas e irresistibles exigen que las provincias del antiguo Reino de Guatemala se constituyan por s\u00ed mismas<\/strong> y con separaci\u00f3n del Estado Mexicano.<\/p>\n\n\n\n<p>Nosotros, por tanto, los Representantes de dichas Provincias, en su nombre, con su autoridad y conformes en todo con sus votos, declaramos solemnemente:<\/p>\n\n\n\n<p>1. Que las expresadas <strong>provincias, representadas en esta Asamblea, son libres e independientes de la antigua Espa\u00f1a, de M\u00e9xico y de cualquiera otra potencia as\u00ed del antiguo como del Nuevo Mundo; y que no son ni deben ser el patrimonio de persona ni familia alguna<\/strong>.<\/p>\n\n\n\n<p>2. Que, en consecuencia, son y forman Naci\u00f3n Soberana, con derecho y actitud de ejercer y celebrar cuantos actos, contratos y funciones ejercen y celebran los otros pueblos libres de la tierra.<\/p>\n\n\n\n<p>3. Que las Provincias sobre dichas, representadas en esta Asamblea (y las dem\u00e1s espont\u00e1neamente se agreguen de las que compon\u00edan el antiguo Reino de Guatemala), se llamar\u00e1n, por ahora, y sin perjuicio de lo que se resuelva en la Constituci\u00f3n que ha de formarse,&nbsp;<\/p>\n\n\n\n<p class=\"has-text-align-center\">\u201c<strong>Provincias Unidas del Centro de Am\u00e9rica<\/strong>\u201d.<\/p>\n\n\n\n<p>Y mandamos que esta declaratoria y la acta de nuestra instalaci\u00f3n se publiquen con la debida solemnidad en este pueblo de Guatemala, y en todos y cada uno de los que se hallan representados en esta Asamblea: que se impriman y circulen: que se comuniquen \u00e1 las Provincias de Le\u00f3n, Granada, Costa Rica y Chiapas y que en la forma y modo, que se acordar\u00e1 oportunamente, se comuniquen tambi\u00e9n \u00e1 los Gobiernos de Espa\u00f1a, de M\u00e9xico y todos los dem\u00e1s Estados independientes de ambas Am\u00e9ricas.<\/p>\n\n\n\n<p>Dado en Guatemala, el 1 de julio de 1823.&nbsp;<\/p>\n\n\n\n<p>Jos\u00e9 Mat\u00edas Delgado, diputado por San Salvador, Presidente.<\/p>\n\n\n\n<p>Fernando Antonio D\u00e1vila, diputado por Sacatep\u00e9quez, Vice-Presidente.<\/p>\n\n\n\n<p>Juan Francisco de Sosa, diputado suplente por San Salvador, secretario.&nbsp;<\/p>\n\n\n\n<p>Mariano Galvez, diputado por Totonicap\u00e1n. Secretario.&nbsp;<\/p>\n\n\n\n<p>Mariano C\u00f3rdoba, diputado por Huehuetenango, secretario.&nbsp;<\/p>\n\n\n\n<p>Simon Vasconcelos, diputado suplente por San Vicente, secretario.<\/p>\n\n\n\n<p>Pedro Molina, diputado por Guatemala.&nbsp;<\/p>\n\n\n\n<p>Jos\u00e9 Francisco Barrundia, diputado por Guatemala.&nbsp;<\/p>\n\n\n\n<p>Jos\u00e9 Antonio Azmitia, diputado suplente por Guatemala.<\/p>\n\n\n\n<p>Jos\u00e9 Domingo Estrada, diputado por Chimaltenango.<\/p>\n\n\n\n<p>Simeon Ca\u00f1as, diputado por Chimaltenango.&nbsp;<\/p>\n\n\n\n<p>Luis Barrutia, diputado por Chimaltenango.<\/p>\n\n\n\n<p>Felipe M\u00e1rquez, diputado suplente por Chimaltenango.<\/p>\n\n\n\n<p>Julian Castro, diputado por Sacatep\u00e9quez.&nbsp;<\/p>\n\n\n\n<p>Jos\u00e9 Antonio Alcayaga, diputado por Sacatep\u00e9quez.<\/p>\n\n\n\n<p>J. Domingo Di\u00e9guez, diputado Suplente por Sacatep\u00e9quez.<\/p>\n\n\n\n<p>Juan Miguel Beltranena, diputado por Cob\u00e1n.&nbsp;<\/p>\n\n\n\n<p>Jos\u00e9 Mar\u00eda Castilla, diputado por Cob\u00e1n.&nbsp;<\/p>\n\n\n\n<p>Cirilo Flores, diputado por Quezaltenango.&nbsp;<\/p>\n\n\n\n<p>Francisco Flores, diputado por Quezaltenango<\/p>\n\n\n\n<p>Jos\u00e9 Antonio Pe\u00f1a, diputado por Quezaltenango.&nbsp;<\/p>\n\n\n\n<p>Francisco Benavente, diputado suplente por Quezaltenango.&nbsp;<\/p>\n\n\n\n<p>Serapio S\u00e1nchez, diputado por Totonicap\u00e1n.&nbsp;<\/p>\n\n\n\n<p>Jos\u00e9 Mar\u00eda Herrarte, diputado suplente por Totonicap\u00e1n.<\/p>\n\n\n\n<p>Francisco Javier Valenzuela, diputado por Jalapa.&nbsp;<\/p>\n\n\n\n<p>Jos\u00e9 Mar\u00eda Ponce, diputado por Escuintla.<\/p>\n\n\n\n<p>Jos\u00e9 Antonio Larrave, diputado suplente por Esquipulas.&nbsp;<\/p>\n\n\n\n<p>L\u00e1zaro Herrarte, diputado por Suchitep\u00e9quez.&nbsp;<\/p>\n\n\n\n<p>Jos\u00e9 Beteta, diputado por Salam\u00e1.<\/p>\n\n\n\n<p>Jos\u00e9 Antonio Jim\u00e9nez, diputado por San Salvador.&nbsp;<\/p>\n\n\n\n<p>Pedro Jos\u00e9 Cuellar, diputado suplente por San Salvador.&nbsp;<\/p>\n\n\n\n<p>Jos\u00e9 Francisco C\u00f3rdoba, diputado por Santa Ana.&nbsp;<\/p>\n\n\n\n<p>Marcelino Men\u00e9ndez, diputado por Santa Ana.&nbsp;<\/p>\n\n\n\n<p>Miguel Ordo\u00f1ez, diputado por San Agust\u00edn.&nbsp;<\/p>\n\n\n\n<p>Antonio Jos\u00e9 Ca\u00f1as, diputado por Cojutepeque.<\/p>\n\n\n\n<p>Leoncio Dom\u00ednguez, diputado por San Miguel.&nbsp;<\/p>\n\n\n\n<p>Mariano Beltranena, diputado suplente por San Miguel.<\/p>\n\n\n\n<p>Isidro Men\u00e9ndez, diputado por Sonsonate.&nbsp;<\/p>\n\n\n\n<p>Felipe Vega, diputado por Sonsonate.&nbsp;<\/p>\n\n\n\n<p>Pedro Campo Arpa, diputado por Sonsonate.&nbsp;<\/p>\n\n\n\n<p>Juan Vicente Villacorta, diputado por San Vicente.&nbsp;<\/p>\n\n\n\n<p>Ciriaco Villacorta, diputado por San Vicente.&nbsp;<\/p>\n\n\n\n<p>Francisco Aguirre, diputado por Olancho.&nbsp;<\/p>\n","protected":false},"excerpt":{"rendered":"<p>Centro Am\u00e9rica declar\u00f3 su independencia de Espa\u00f1a, M\u00e9xico y de cualquier otra potencia, el 1 de julio de 1823. Pero hasta qu\u00e9 punto ha sido Centroam\u00e9rica para los centroamericanos&#8230;<\/p>\n","protected":false},"author":2,"featured_media":222,"comment_status":"open","ping_status":"open","sticky":false,"template":"","format":"standard","meta":{"footnotes":""},"categories":[3],"tags":[],"class_list":["post-221","post","type-post","status-publish","format-standard","has-post-thumbnail","hentry","category-historia"],"_links":{"self":[{"href":"https:\/\/educacion.ufm.edu\/bicentenario\/wp-json\/wp\/v2\/posts\/221","targetHints":{"allow":["GET"]}}],"collection":[{"href":"https:\/\/educacion.ufm.edu\/bicentenario\/wp-json\/wp\/v2\/posts"}],"about":[{"href":"https:\/\/educacion.ufm.edu\/bicentenario\/wp-json\/wp\/v2\/types\/post"}],"author":[{"embeddable":true,"href":"https:\/\/educacion.ufm.edu\/bicentenario\/wp-json\/wp\/v2\/users\/2"}],"replies":[{"embeddable":true,"href":"https:\/\/educacion.ufm.edu\/bicentenario\/wp-json\/wp\/v2\/comments?post=221"}],"version-history":[{"count":7,"href":"https:\/\/educacion.ufm.edu\/bicentenario\/wp-json\/wp\/v2\/posts\/221\/revisions"}],"predecessor-version":[{"id":240,"href":"https:\/\/educacion.ufm.edu\/bicentenario\/wp-json\/wp\/v2\/posts\/221\/revisions\/240"}],"wp:featuredmedia":[{"embeddable":true,"href":"https:\/\/educacion.ufm.edu\/bicentenario\/wp-json\/wp\/v2\/media\/222"}],"wp:attachment":[{"href":"https:\/\/educacion.ufm.edu\/bicentenario\/wp-json\/wp\/v2\/media?parent=221"}],"wp:term":[{"taxonomy":"category","embeddable":true,"href":"https:\/\/educacion.ufm.edu\/bicentenario\/wp-json\/wp\/v2\/categories?post=221"},{"taxonomy":"post_tag","embeddable":true,"href":"https:\/\/educacion.ufm.edu\/bicentenario\/wp-json\/wp\/v2\/tags?post=221"}],"curies":[{"name":"wp","href":"https:\/\/api.w.org\/{rel}","templated":true}]}}