{"id":209,"date":"2021-06-21T15:43:27","date_gmt":"2021-06-21T15:43:27","guid":{"rendered":"https:\/\/educacion.ufm.edu\/bicentenario\/?p=209"},"modified":"2021-06-21T15:46:27","modified_gmt":"2021-06-21T15:46:27","slug":"breve-anexion-a-un-imperio-fallido","status":"publish","type":"post","link":"https:\/\/educacion.ufm.edu\/bicentenario\/breve-anexion-a-un-imperio-fallido\/","title":{"rendered":"Breve Anexi\u00f3n a un Imperio Fallido"},"content":{"rendered":"\n<p>En 1821, grandes <strong>fuerzas externas, m\u00e1s all\u00e1 de nuestro control, nos empujaban hacia la independencia<\/strong>, sin importar los detalles y profundidad del debate acerca de qu\u00e9 decisi\u00f3n nos conven\u00eda m\u00e1s en aquel momento hist\u00f3rico. Los anhelos de independencia nos vinieron del norte. Lo digo por las manifestaciones de los ayuntamientos de Ciudad Real, Comit\u00e1n y Tuxtla mencionadas en el Acta de Independencia de Guatemala. Parec\u00eda que la independencia era una suerte de incendio que se esparc\u00eda hacia el sur.&nbsp;<\/p>\n\n\n\n<p>Acaso d\u00e1ndonos unos meses m\u00e1s hubi\u00e9semos llegado a la misma decisi\u00f3n de separarnos de Espa\u00f1a y unirnos a M\u00e9xico. Pero eso nunca lo sabremos. Las circunstancias en M\u00e9xico ciertamente nos impulsaron en un direcci\u00f3n, estuvi\u00e9ramos listos o no.<\/p>\n\n\n\n<p>De cierta manera,<strong> nuestra relaci\u00f3n con M\u00e9xico marc\u00f3 nuestra suerte<\/strong>. El Reino de Guatemala, aunque gozaba de una relaci\u00f3n directa con el Consejo de Indias en Espa\u00f1a, de alguna manera formaba parte del Virreinato de la Nueva Espa\u00f1a. Parec\u00eda que el destino de Guatemala estaba ineludiblemente atado al de M\u00e9xico.&nbsp;<\/p>\n\n\n\n<p>La lucha por la independencia de M\u00e9xico se desat\u00f3 en 1810 cuando Miguel Hidalgo lanzara aquella arenga a la cual nadie pod\u00eda resistirse: Viva la Virgen de Guadalupe y <strong>muera el mal gobierno<\/strong>. En febrero de 1821, se hab\u00eda formulado el Plan de Iguala, con sus tres principios b\u00e1sicos para establecer una nueva monarqu\u00eda cat\u00f3lica en Am\u00e9rica: la independencia de Espa\u00f1a, la continuidad de la religi\u00f3n cat\u00f3lica y la unidad de todas las clases sociales. Para inicios de septiembre de 1821, el ej\u00e9rcito trigarante, encabezado por Agust\u00edn de Iturbide, estaba por entrar a la ciudad de M\u00e9xico.&nbsp;<\/p>\n\n\n\n<p>El virreinato de Nueva Espa\u00f1a fue el primero establecido por Espa\u00f1a en Am\u00e9rica y en sus primeros a\u00f1os comprendi\u00f3 un vasto territorio que inclu\u00eda de California a Costa Rica, y el Caribe. Los Virreinatos&nbsp; en el sur de Am\u00e9rica, vendr\u00edan despu\u00e9s: Per\u00fa, Nueva Granada, R\u00edo de la Plata. Mientras que el Virreinato de Nueva Espa\u00f1a intentaba transitar hacia el Imperio Mexicano, los otro virreinatos intentaban convertirse en rep\u00fablicas constitucionales, algunas unitarias y otras federales.<\/p>\n\n\n\n<p><strong>El Centro de Am\u00e9rica qued\u00f3 en medio de esa disyuntiva, atrapada entre los que buscaban establecer una monarqu\u00eda al norte y los que intentaban fundar rep\u00fablicas constitucionales al sur.<\/strong> \u00bfQu\u00e9 camino tomar\u00eda Guatemala al separarse de Espa\u00f1a: el mon\u00e1rquico o el republicano? Para M\u00e9xico, no hab\u00eda opci\u00f3n. Hasta entonces, Guatemala hab\u00eda sido una suerte de anexo, sat\u00e9lite o ap\u00e9ndice del Virreinato. Por ello, de manera ineludible, se consideraba que Guatemala formar\u00eda parte del nuevo imperio.&nbsp;<\/p>\n\n\n\n<p>La Junta Provisional decidi\u00f3 que<strong> Guatemala se un\u00eda al Imperio Mexicano el 5 de enero de 1822<\/strong>, aunque el Acta de Independencia establece claramente que el Congreso, a establecerse antes del 1 de marzo de 1822, decidir\u00eda en definitiva. Para no dejar lugar a dudas, el enviado del emperador Iturbide, general Vicente Fil\u00edsola, llega a Guatemala el 22 de junio de 1822. La principal acci\u00f3n de Fil\u00edsola fue evitar el intento separatista de El Salvador, encabezado por Jos\u00e9 Mat\u00edas Delgado y Manuel Jos\u00e9 Arce. <\/p>\n\n\n\n<figure class=\"wp-block-image size-large is-style-default\"><img decoding=\"async\" src=\"http:\/\/educacion.ufm.edu\/bicentenario\/wp-content\/uploads\/2021\/06\/Mexico_1821-1024x931.png\" alt=\"\" class=\"wp-image-210\"\/><figcaption>El Impero Mexicano<\/figcaption><\/figure>\n\n\n\n<p>Mientras Fil\u00edsola luchaba por estabilizar la regi\u00f3n, Iturbide abdica el 19 de marzo de 1823. <strong>El Imperio Mexicano se desmorona<\/strong>. Hasta entonces, Fil\u00edsola convoca al Congreso para darle cumplimiento a lo expresado en el Acta de Independencia de septiembre de 1821.\u00a0<\/p>\n\n\n\n<p><strong>El 1 de julio de 1823, se declar\u00f3 que las provincias de Centro Am\u00e9rica eran &#8220;libres e independientes de la antigua Espa\u00f1a, de M\u00e9xico y de cualquier otra potencia&#8221;<\/strong> y que formaban una naci\u00f3n soberana que se llamar\u00eda Provincias Unidas de Centro Am\u00e9rica. Guatemala gan\u00f3 muy poco con esta decisi\u00f3n y perdi\u00f3 Chiapas\u2026&nbsp;<\/p>\n\n\n\n<p>M\u00e9xico reconoce a las Provincias Unidas en agosto y Filisola se retira, poniendo fin al intento de formalizar una unidad pol\u00edtica, nacida de la proximidad geogr\u00e1fica, que pareci\u00f3 una buena idea pero que en la pr\u00e1ctica no lo fue.<\/p>\n","protected":false},"excerpt":{"rendered":"<p>En 1821, grandes fuerzas externas, m\u00e1s all\u00e1 de nuestro control, nos empujaban hacia la independencia, sin importar los detalles y profundidad del debate acerca de qu\u00e9 decisi\u00f3n nos conven\u00eda m\u00e1s en aquel momento hist\u00f3rico. Los anhelos de independencia nos vinieron del norte. Lo digo por las manifestaciones de los ayuntamientos de Ciudad Real, Comit\u00e1n y&hellip;<\/p>\n","protected":false},"author":2,"featured_media":210,"comment_status":"open","ping_status":"open","sticky":false,"template":"","format":"standard","meta":{"footnotes":""},"categories":[3],"tags":[],"class_list":["post-209","post","type-post","status-publish","format-standard","has-post-thumbnail","hentry","category-historia"],"_links":{"self":[{"href":"https:\/\/educacion.ufm.edu\/bicentenario\/wp-json\/wp\/v2\/posts\/209","targetHints":{"allow":["GET"]}}],"collection":[{"href":"https:\/\/educacion.ufm.edu\/bicentenario\/wp-json\/wp\/v2\/posts"}],"about":[{"href":"https:\/\/educacion.ufm.edu\/bicentenario\/wp-json\/wp\/v2\/types\/post"}],"author":[{"embeddable":true,"href":"https:\/\/educacion.ufm.edu\/bicentenario\/wp-json\/wp\/v2\/users\/2"}],"replies":[{"embeddable":true,"href":"https:\/\/educacion.ufm.edu\/bicentenario\/wp-json\/wp\/v2\/comments?post=209"}],"version-history":[{"count":2,"href":"https:\/\/educacion.ufm.edu\/bicentenario\/wp-json\/wp\/v2\/posts\/209\/revisions"}],"predecessor-version":[{"id":212,"href":"https:\/\/educacion.ufm.edu\/bicentenario\/wp-json\/wp\/v2\/posts\/209\/revisions\/212"}],"wp:featuredmedia":[{"embeddable":true,"href":"https:\/\/educacion.ufm.edu\/bicentenario\/wp-json\/wp\/v2\/media\/210"}],"wp:attachment":[{"href":"https:\/\/educacion.ufm.edu\/bicentenario\/wp-json\/wp\/v2\/media?parent=209"}],"wp:term":[{"taxonomy":"category","embeddable":true,"href":"https:\/\/educacion.ufm.edu\/bicentenario\/wp-json\/wp\/v2\/categories?post=209"},{"taxonomy":"post_tag","embeddable":true,"href":"https:\/\/educacion.ufm.edu\/bicentenario\/wp-json\/wp\/v2\/tags?post=209"}],"curies":[{"name":"wp","href":"https:\/\/api.w.org\/{rel}","templated":true}]}}