{"id":191,"date":"2021-04-27T18:34:54","date_gmt":"2021-04-27T18:34:54","guid":{"rendered":"https:\/\/educacion.ufm.edu\/bicentenario\/?p=191"},"modified":"2021-06-29T15:25:05","modified_gmt":"2021-06-29T15:25:05","slug":"acta-de-independencia-de-guatemala","status":"publish","type":"post","link":"https:\/\/educacion.ufm.edu\/bicentenario\/acta-de-independencia-de-guatemala\/","title":{"rendered":"Acta de Independencia de  Guatemala"},"content":{"rendered":"\n<p class=\"has-text-align-center\">(Versi\u00f3n contempor\u00e1nea y comentada)<\/p>\n\n\n\n<p class=\"has-text-align-center\">Palacio Nacional de Guatemala<\/p>\n\n\n\n<p class=\"has-text-align-center\">15 de septiembre de 1821<\/p>\n\n\n\n<p><\/p>\n\n\n\n<p>Siendo p\u00fablicos e indudables <strong>los deseos de independencia del gobierno espa\u00f1ol<\/strong>, que por escrito y de palabra ha manifestado el pueblo de esta capital; recibidos por el \u00faltimo correo diversos oficios de los ayuntamientos constitucionales de <strong>Ciudad Real, Comit\u00e1n y Tuxtla<\/strong>, en que comunican haber proclamado y jurado dicha independencia y excitan a que se haga lo mismo en esta ciudad; siendo positivo que han circulado iguales oficios a otros ayuntamientos;&nbsp;<\/p>\n\n\n\n<p>determinado, de acuerdo con la Excelent\u00edsima Diputaci\u00f3n Provincial, que para tratar de asunto tan grave se reunieron en uno de los salones de este palacio la misma Diputaci\u00f3n Provincial, el Ilustr\u00edsimo se\u00f1or Arzobispo, los se\u00f1ores individuos que diputaci\u00f3n, la Excelent\u00edsima Audiencia Territorial, el Venerable se\u00f1or De\u00e1n y Cabildo Eclesi\u00e1stico, el Excelent\u00edsimo Ayuntamiento, el Muy Ilustre Claustro, el Consulado, el Colegio de abogados, prelados regulares, jefes y funcionarios p\u00fablicos.<\/p>\n\n\n\n<p>Congregados todos en el mismo sal\u00f3n; le\u00eddos los oficios expresados: discutido y meditado detenidamente el asunto y o\u00eddo el clamor de &#8220;<strong>\u00a1Viva la Independencia!<\/strong>&#8221; que repet\u00eda de continuo el pueblo que se ve\u00eda reunido en las calles, plaza, patio, corredores y antesala, de este palacio, se acord\u00f3 por esta Diputaci\u00f3n e individuos del Excelent\u00edsimo Ayuntamiento:&nbsp;<\/p>\n\n\n\n<p class=\"has-text-align-center\">(Declaraci\u00f3n de Independencia, a ser ratificada por un Congreso por formar)<\/p>\n\n\n\n<p>1. <strong>Que siendo la independencia del gobierno espa\u00f1ol la voluntad general del pueblo de Guatemala, y sin perjuicio de lo que determine sobre ella el Congreso que debe formarse, el se\u00f1or jefe pol\u00edtico la mande publicar<\/strong>, para prevenir las consecuencias que serian temibles en el caso de que la proclamase de hecho el mismo pueblo.&nbsp;<\/p>\n\n\n\n<p class=\"has-text-align-center\">(Elecci\u00f3n al Congreso de las Provincias que decidir\u00e1 sobre la Independencia y la Constituci\u00f3n de nuevo gobierno)<\/p>\n\n\n\n<p>2. Que desde luego se circulen oficios a <strong>las provincias,<\/strong> por correos extraordinarios, para que <strong>sin demora alguna se sirvan proceder a elegir diputados<\/strong> o representantes suyos, y estos concurran a esta capital <strong>a formar el Congreso que debe decidir el punto de Independencia general, absoluta y final, en caso de acordarla, la forma de gobierno y ley fundamental que deba regir.<\/strong>&nbsp;<\/p>\n\n\n\n<p>3. Que para facilitar el nombramiento de diputados, se sirvan hacerlo las mismas Juntas Electorales de Provincia, que hicieron o debieron hacer las elecciones de los \u00faltimos diputados a Cortes.&nbsp;<\/p>\n\n\n\n<p>4. Que el n\u00famero de estos diputados sea en proporci\u00f3n de uno por cada 15,000 individuos, sin excluir de la ciudadan\u00eda a los originarios de \u00c1frica.&nbsp;<\/p>\n\n\n\n<p>5. Que las mismas Juntas Electorales de Provincia, teniendo presentes los \u00faltimos censos, se sirvan determinar, seg\u00fan esta base, el n\u00famero de diputados o representantes que deban elegir.<\/p>\n\n\n\n<p>6. Que en atenci\u00f3n a la gravedad y urgencia del asunto, se sirva hacer las elecciones de modo que <strong>el d\u00eda 1 de marzo del a\u00f1o pr\u00f3ximo de 1822 est\u00e9n reunidos en esta capital todos los diputados<\/strong>.&nbsp;<\/p>\n\n\n\n<p class=\"has-text-align-center\">(Las autoridades deben continuar en sus puestos)<\/p>\n\n\n\n<p>7. Que entre tanto, no haci\u00e9ndose novedad en las autoridades establecidas, sigan \u00e9stas ejerciendo sus atribuciones respectivas, con arreglo a la Constituci\u00f3n, decretos y leyes, hasta que el Congreso indicado determine lo que sea m\u00e1s justo y ben\u00e9fico.&nbsp;<\/p>\n\n\n\n<p class=\"has-text-align-center\">(Se establece una Junta Provisional Consultiva)<\/p>\n\n\n\n<p>8. Que el se\u00f1or jefe pol\u00edtico, brigadier <strong>don Gabino Gainza, contin\u00fae con el Gobierno Superio<\/strong>r pol\u00edtico y militar, y para que este tenga el car\u00e1cter que parece propio de las circunstancias, se forme una<strong> Junta Provisional Consultiva<\/strong>, compuesta de los se\u00f1ores individuos actuales de esta Diputaci\u00f3n Provincial y de los se\u00f1ores don <strong>Miguel Larreynaga<\/strong>, Ministro de esta audiencia, don <strong>Jos\u00e9 del Valle<\/strong>, Auditor de guerra, <strong>Marques de Aycinena<\/strong>, doctor don J<strong>os\u00e9 Valdes<\/strong>, tesorero de esta Santa Iglesia, doctor don <strong>Angel Mar\u00eda Candina<\/strong>; y Licenciado don <strong>Antonio Robles<\/strong>, alcalde 3ero Constitucional, el primero por la Provincia de Le\u00f3n, el segundo por la de Comayagua, el tercero por Quezaltenango, el cuarto por Solol\u00e1 y Chimaltenango, el quinto por Sonsonate, y el sexto por Ciudad Real de Chiapas.&nbsp;<\/p>\n\n\n\n<p>9. Que esta Junta Provisional consulte al se\u00f1or Jefe Pol\u00edtico en todos los asuntos econ\u00f3micos y gubernativos dignos de su atenci\u00f3n.&nbsp;<\/p>\n\n\n\n<p class=\"has-text-align-center\">(Se conserva la religi\u00f3n cat\u00f3lica)<\/p>\n\n\n\n<p>10. Que la <strong>Religi\u00f3n Cat\u00f3lica<\/strong> que hemos profesado en siglos anteriores y profesamos en los siglos sucesivos, se conserve pura e inalterables, manteniendo vivo el esp\u00edritu de religiosidad que ha distinguido siempre a Guatemala, respetando a los ministros eclesi\u00e1sticos, seculares y regulares y protegi\u00e9ndoles en sus personas y propiedades.&nbsp;<\/p>\n\n\n\n<p class=\"has-text-align-center\">(Acciones para preservar el orden)<\/p>\n\n\n\n<p>11. Que se pase oficio a los dignos prelados de las comunidades religiosas para que cooperando a la paz y sosiego, que es la primera necesidad de los pueblos cuando pasan de un gobierno a otro, dispongan que sus individuos exhorten a la <strong>fraternidad y concordia <\/strong>a los que estando unidos en el sentimiento general de la Independencia, deben estarlo tambi\u00e9n en todo lo dem\u00e1s, sofocando pasiones individuales, que dividen los \u00e1nimos y producen funestas consecuencias.&nbsp;<\/p>\n\n\n\n<p>12. Que el Excelent\u00edsimo Ayuntamiento a quien corresponde <strong>la conservaci\u00f3n del orden y tranquilidad<\/strong>, tome las medidas m\u00e1s activas para mantenerla en toda esta capital y pueblos inmediatos.&nbsp;<\/p>\n\n\n\n<p>13. Que el se\u00f1or Jefe Pol\u00edtico publique en un manifiesto haciendo notorios, a la faz de todos, los sentimientos generales del pueblo, la opini\u00f3n de las autoridades y corporaciones; las medidas de este Gobierno, las causas y circunstancias que lo decidieren a prestar en manos del se\u00f1or alcalde 1ero, a pedimento del pueblo, el juramento de Independencia y fidelidad al Gobierno americano que se establezca.&nbsp;<\/p>\n\n\n\n<p>14. Que igual juramento preste la Junta Provisional, el Excelent\u00edsimo Ayuntamiento, el Ilustre se\u00f1or Arzobispo, los Tribunales, jefes pol\u00edticos y militares, los prelados regulares, sus comunidades religiosas, jefes y empleados en las rentas, autoridades, corporaciones y tropas de las respectivas guarniciones.&nbsp;<\/p>\n\n\n\n<p class=\"has-text-align-center\">(Acciones para celebrar la Independencia)<\/p>\n\n\n\n<p>15. Que el se\u00f1or Jefe Pol\u00edtico de acuerdo con el Excelent\u00edsimo Ayuntamiento, disponga la solemnidad y se\u00f1ale el d\u00eda en que el pueblo deba hacer la proclamaci\u00f3n y juramento expresados de Independencia.&nbsp;<\/p>\n\n\n\n<p>16. Que el Excelent\u00edsimo Ayuntamiento acuerde la acu\u00f1aci\u00f3n de una medalla que perpet\u00fae en los siglos la memoria del d\u00eda &#8220;15 de septiembre de 1821&#8221;, en que Guatemala proclam\u00f3 su feliz independencia.&nbsp;<\/p>\n\n\n\n<p>17. Que imprimiendose esta acta y el manifiesto expresado, se circule a las excelent\u00edsimas diputaciones provinciales, ayuntamientos constitucionales y dem\u00e1s autoridades eclesi\u00e1sticas, regulares, seculares y militares, para que siendo acordes en los mismos sentimientos que ha manifestado este pueblo, se sirvan obrar con arreglo a todo lo expuesto.&nbsp;<\/p>\n\n\n\n<p>18. Que se cante, el d\u00eda que designe el se\u00f1or Jefe Pol\u00edtico, una misa solemne de gracias, con asistencia de la Junta Provisional, de todas las autoridades, corporaciones y jefes, haci\u00e9ndose salvas de artiller\u00eda y tres d\u00edas de iluminaci\u00f3n.&nbsp;<\/p>\n\n\n\n<p class=\"has-text-align-center\">Palacio Nacional de Guatemala, septiembre 15 de 1821.<\/p>\n\n\n\n<p><\/p>\n\n\n\n<p class=\"has-text-align-right\">Gabino Gainza (Presidente de la Audiencia)<\/p>\n\n\n\n<p class=\"has-text-align-right\">Jos\u00e9 Matias Delgado<\/p>\n\n\n\n<p class=\"has-text-align-right\">Mariano de Larrave (Alcalde Primero del Ayuntamiento de Guatemala)<\/p>\n\n\n\n<p class=\"has-text-align-right\">Mariano de Aycinena (s\u00edndico primero del Ayuntamiento)<\/p>\n\n\n\n<p class=\"has-text-align-right\">Mariano de Beltranena<\/p>\n\n\n\n<p class=\"has-text-align-right\">Antonio de Rivera<\/p>\n\n\n\n<p class=\"has-text-align-right\">Jos\u00e9 Antonio de Larrave (regidor del Ayuntamiento)<\/p>\n\n\n\n<p class=\"has-text-align-right\">Pedro de Arroyave (s\u00edndico segundo del Ayuntamiento)<\/p>\n\n\n\n<p class=\"has-text-align-right\">Jos\u00e9 Domingo Di\u00e9guez (secretario de la Diputaci\u00f3n Provincial).<\/p>\n\n\n\n<p class=\"has-text-align-right\">Jos\u00e9 Mariano Calderon<\/p>\n\n\n\n<p class=\"has-text-align-right\">Manuel Antonio Molina<\/p>\n\n\n\n<p class=\"has-text-align-right\">Isidoro del Valle y Castriciones (regidor del Ayuntamiento)<\/p>\n\n\n\n<p class=\"has-text-align-right\">Lorenzo de Roma\u00f1a, secretario<\/p>\n\n\n\n<p><\/p>\n\n\n\n<p><strong>Comentario<\/strong>:&nbsp;<\/p>\n\n\n\n<p>La declaraci\u00f3n de independencia realizada por las autoridades establecidas buscaba iniciar el proceso de transici\u00f3n del Reino de Guatemala a un nuevo gobierno. Se trataba de una declaraci\u00f3n inmediata, de car\u00e1cter urgente, que iniciaba un proceso de transici\u00f3n. Se depositaba la autoridad transitoria en el Jefe Pol\u00edtico y una Junta Provisional Consultiva. Un Congreso que deb\u00eda elegirse en un t\u00e9rmino de seis meses, antes del 1 de marzo de 1822, determinar\u00eda la forma del nuevo gobierno. Ese Congreso se conformar\u00eda con representantes electos por cada una de las provincias.&nbsp;<\/p>\n\n\n\n<p>La estructura b\u00e1sica del Acta de Independencia podr\u00eda resumirse de esta manera: 1). Declaraci\u00f3n de Independencia, de car\u00e1cter inmediato, a ser ratificada por el Congreso a elegir. 2). Elecci\u00f3n al Congreso, que deber\u00e1 estar en funciones para el 1 de marzo de 1822. 3). Las autoridades deben continuar en sus puestos, hasta que el Congreso decida. 4). Se establece la Junta Provisional Consultiva&nbsp; y su campo de acci\u00f3n.&nbsp;5). La religi\u00f3n cat\u00f3lica se mantiene como factor unificador.&nbsp;6). Acciones para preservar el orden. 7). Acciones para celebrar la Independencia.&nbsp;<\/p>\n\n\n\n<p>De los 53 representantes de las instituciones convocadas, s\u00f3lo 13 votaron a favor de la Independencia. S\u00f3lo los miembros de la Diputaci\u00f3n Provincial y el Ayuntamiento de Guatemala votaron de forma un\u00e1nime a favor.&nbsp;<\/p>\n\n\n\n<figure class=\"wp-block-table\"><table class=\"has-fixed-layout\"><tbody><tr><td>Instituci\u00f3n<\/td><td>A favor<\/td><td>Se Abstienen<\/td><\/tr><tr><td>Audiencia de Guatemala<\/td><td>Gabino Gainza<br>Lorenzo de Roma\u00f1a<\/td><td>Miguel de Larreynaga<br>Francisco de Paula Vilches<br>Jos\u00e9 del Valle<br>Pedro Delgado<br>Juan Bautista J\u00e1uregui<br>Miguel Moreno<br>Tom\u00e1s O&#8217;Haran<br>Fernando Palomo<br>Antonio Mar\u00eda Rivas<br>Jos\u00e9 Vald\u00e9s<br>Jos\u00e9 Velasco<\/td><\/tr><tr><td>Diputaci\u00f3n Provincial de Guatemala<\/td><td>Mariano de Beltranena<br>Jos\u00e9 Mariano Calder\u00f3n<br>Jose Mat\u00edas Delgado<br>Jos\u00e9 Domingo Di\u00e9guez<br>Manuel Antonio de Molina<br>Antonio Rivera Cabezas<\/td><td><\/td><\/tr><tr><td>Ayuntamiento de la Nueva Guatemala de la Asunci\u00f3n<\/td><td>Mariano de Aycinena<br>Pedro de Arroyave<br>Mariano de Larrave<br>Jos\u00e9 Antonio de Larrave<br>Isidoro del Valle<\/td><td><\/td><\/tr><tr><td>Iglesia Cat\u00f3lica<\/td><td><\/td><td>Ram\u00f3n Casaus y Torres<br>Francisco Algar\u00edn<br>Juan Jos\u00e9 Batres<br>Angel Mar\u00eda Candina<br>Jos\u00e9 Mar\u00eda Castilla<br>Victor Castillo<br>Enrique de Loma<br>Juan de San Diego<br>Luis Escoto<br>Luis Garc\u00eda<br>Antonio Garc\u00eda Redondo<br>Mariano P\u00e9rez de Jes\u00fas<br>Jos\u00e9 Antonio Taboada<\/td><\/tr><tr><td>Universidad de San Carlos<\/td><td><\/td><td>Antonio de Larraz\u00e1bal<br>Serapio S\u00e1nchez<br>Mariano G\u00e1lvez<\/td><\/tr><tr><td>Consulado de Comercio<\/td><td><\/td><td>Francisco de Arrivillaga<\/td><\/tr><tr><td>Colegio de Abogados<\/td><td><\/td><td>Jos\u00e9 Francisco C\u00f3rdova<br>Santiago Milla<\/td><\/tr><tr><td>Cuerpos Militares<\/td><td><\/td><td>Domingo Ariza<br>Antonio Arz\u00fa<br>Manuel Arz\u00fa<br>Mariano de Asturias<br>Javier Barrutia<br>Jos\u00e9 Ignacio Larraz\u00e1bal<br>F\u00e9lix Lagrava<br>Rafael Montufar<br>Francisco Taboada<br>Jos\u00e9 Villafane<\/td><\/tr><\/tbody><\/table><\/figure>\n\n\n\n<p><\/p>\n","protected":false},"excerpt":{"rendered":"<p>(Versi\u00f3n contempor\u00e1nea y comentada) Palacio Nacional de Guatemala 15 de septiembre de 1821 Siendo p\u00fablicos e indudables los deseos de independencia del gobierno espa\u00f1ol, que por escrito y de palabra ha manifestado el pueblo de esta capital; recibidos por el \u00faltimo correo diversos oficios de los ayuntamientos constitucionales de Ciudad Real, Comit\u00e1n y Tuxtla, en&hellip;<\/p>\n","protected":false},"author":2,"featured_media":169,"comment_status":"open","ping_status":"open","sticky":false,"template":"","format":"standard","meta":{"footnotes":""},"categories":[3],"tags":[],"class_list":["post-191","post","type-post","status-publish","format-standard","has-post-thumbnail","hentry","category-historia"],"_links":{"self":[{"href":"https:\/\/educacion.ufm.edu\/bicentenario\/wp-json\/wp\/v2\/posts\/191","targetHints":{"allow":["GET"]}}],"collection":[{"href":"https:\/\/educacion.ufm.edu\/bicentenario\/wp-json\/wp\/v2\/posts"}],"about":[{"href":"https:\/\/educacion.ufm.edu\/bicentenario\/wp-json\/wp\/v2\/types\/post"}],"author":[{"embeddable":true,"href":"https:\/\/educacion.ufm.edu\/bicentenario\/wp-json\/wp\/v2\/users\/2"}],"replies":[{"embeddable":true,"href":"https:\/\/educacion.ufm.edu\/bicentenario\/wp-json\/wp\/v2\/comments?post=191"}],"version-history":[{"count":6,"href":"https:\/\/educacion.ufm.edu\/bicentenario\/wp-json\/wp\/v2\/posts\/191\/revisions"}],"predecessor-version":[{"id":215,"href":"https:\/\/educacion.ufm.edu\/bicentenario\/wp-json\/wp\/v2\/posts\/191\/revisions\/215"}],"wp:featuredmedia":[{"embeddable":true,"href":"https:\/\/educacion.ufm.edu\/bicentenario\/wp-json\/wp\/v2\/media\/169"}],"wp:attachment":[{"href":"https:\/\/educacion.ufm.edu\/bicentenario\/wp-json\/wp\/v2\/media?parent=191"}],"wp:term":[{"taxonomy":"category","embeddable":true,"href":"https:\/\/educacion.ufm.edu\/bicentenario\/wp-json\/wp\/v2\/categories?post=191"},{"taxonomy":"post_tag","embeddable":true,"href":"https:\/\/educacion.ufm.edu\/bicentenario\/wp-json\/wp\/v2\/tags?post=191"}],"curies":[{"name":"wp","href":"https:\/\/api.w.org\/{rel}","templated":true}]}}